{"id":4843,"date":"2022-09-25T15:47:26","date_gmt":"2022-09-25T15:47:26","guid":{"rendered":"https:\/\/art-badkrozingen.de\/?p=4843"},"modified":"2022-09-25T15:47:26","modified_gmt":"2022-09-25T15:47:26","slug":"fahrt-zur-landesgartenschau-in-neuenburg-am-10-september-2022","status":"publish","type":"post","link":"http:\/\/art-badkrozingen.de\/?p=4843","title":{"rendered":"Fahrt zur Landesgartenschau in Neuenburg am 10. September 2022"},"content":{"rendered":"<p>Wegen der vielen Blumen und anderen Pflanzen sind wir nicht nach Neuenburg gefahren. Vielmehr interessierten sich die teilnehmenden Mitglieder von ART f\u00fcr die auf der LGS ausgestellten und speziell f\u00fcr dieses Ereignis geschaffenen Kunstobjekte. W\u00e4hrend einer kenntnisreichen und professionellen zweist\u00fcndigen Kunstf\u00fchrung der Freiburger Kunsthistorikerin Susanne Meier-Faust hatten wir die M\u00f6glichkeit, alle auf der LGS ausgestellten Kunstwerke zu sehen und erl\u00e4utert zu bekommen. Zur Freude von S. Meier-Faust waren wir bisher der erste Kunstverein aus der Regio, der diese M\u00f6glichkeit wahrgenommen hatte. Sechs K\u00fcnstler*innen aus dem Dreil\u00e4ndereck hatten die M\u00f6glichkeit erhalten, ihre Kunstwerke in dem Kunstraum \u201eNatur\u201c auszustellen. Erstaunlicherweise ist die LGS Neuenburg die erste ihrer Art, die auch Kunstwerke ausstellt.<\/p>\n<p>Direkt nach den Schlussworten der Kunsthistorikerin setzte der Regen ein: ART hatte wieder einmal Gl\u00fcck mit dem Wetter.<\/p>\n<p>Lieben Dank unserer Kunstfahrten-Organisatorin Monika Degen-Hellmuth, die wieder einmal etwas Besonderes f\u00fcr unseren Verein ausgesucht und realisiert hatte.<\/p>\n<!-- index.php -->\n<div\n\tclass=\"ngg-galleryoverview ngg-ajax-pagination-none\"\n\tid=\"ngg-gallery-7864ff5316abdb75538bf740dad138c4-1\">\n\n    \t<div class=\"slideshowlink\">\n        <a href='http:\/\/art-badkrozingen.de\/index.php\/nggallery\/slideshow?p=4843'>[Zeige eine Slideshow]<\/a>\n\t\t\n\t<\/div>\n\t\t\t<!-- Thumbnails -->\n\t\t\t\t<div id=\"ngg-image-0\" class=\"ngg-gallery-thumbnail-box\" >\n\t\t\t\t        <div class=\"ngg-gallery-thumbnail\">\n            <a href=\"http:\/\/art-badkrozingen.de\/wp-content\/gallery\/landesgartenschau-2022-1\/IMG-20220910-WA0021.jpg\"\n               title=\"\"\n               data-src=\"http:\/\/art-badkrozingen.de\/wp-content\/gallery\/landesgartenschau-2022-1\/IMG-20220910-WA0021.jpg\"\n               data-thumbnail=\"http:\/\/art-badkrozingen.de\/wp-content\/gallery\/landesgartenschau-2022-1\/thumbs\/thumbs_IMG-20220910-WA0021.jpg\"\n               data-image-id=\"805\"\n               data-title=\"IMG-20220910-WA0021\"\n               data-description=\"\"\n               data-image-slug=\"img-20220910-wa0021\"\n               class=\"ngg-fancybox\" rel=\"7864ff5316abdb75538bf740dad138c4\">\n                <img\n                    title=\"IMG-20220910-WA0021\"\n                    alt=\"IMG-20220910-WA0021\"\n                    src=\"http:\/\/art-badkrozingen.de\/wp-content\/gallery\/landesgartenschau-2022-1\/thumbs\/thumbs_IMG-20220910-WA0021.jpg\"\n                    width=\"200\"\n                    height=\"155\"\n                    style=\"max-width:100%;\"\n                \/>\n            <\/a>\n        <\/div>\n\t\t\t\t\t\t\t<\/div> \n\t\t\t\n        \n\t\t\t\t<div id=\"ngg-image-1\" class=\"ngg-gallery-thumbnail-box\" >\n\t\t\t\t        <div class=\"ngg-gallery-thumbnail\">\n            <a href=\"http:\/\/art-badkrozingen.de\/wp-content\/gallery\/landesgartenschau-2022-1\/1_IMG_20220910_143913.jpg\"\n               title=\"\"\n               data-src=\"http:\/\/art-badkrozingen.de\/wp-content\/gallery\/landesgartenschau-2022-1\/1_IMG_20220910_143913.jpg\"\n               data-thumbnail=\"http:\/\/art-badkrozingen.de\/wp-content\/gallery\/landesgartenschau-2022-1\/thumbs\/thumbs_1_IMG_20220910_143913.jpg\"\n               data-image-id=\"793\"\n               data-title=\"1_IMG_20220910_143913\"\n               data-description=\"\"\n               data-image-slug=\"1_img_20220910_143913\"\n               class=\"ngg-fancybox\" rel=\"7864ff5316abdb75538bf740dad138c4\">\n                <img\n                    title=\"1_IMG_20220910_143913\"\n                    alt=\"1_IMG_20220910_143913\"\n                    src=\"http:\/\/art-badkrozingen.de\/wp-content\/gallery\/landesgartenschau-2022-1\/thumbs\/thumbs_1_IMG_20220910_143913.jpg\"\n                    width=\"200\"\n                    height=\"155\"\n                    style=\"max-width:100%;\"\n                \/>\n            <\/a>\n        <\/div>\n\t\t\t\t\t\t\t<\/div> \n\t\t\t\n        \n\t\t\t\t<div id=\"ngg-image-2\" class=\"ngg-gallery-thumbnail-box\" >\n\t\t\t\t        <div class=\"ngg-gallery-thumbnail\">\n            <a href=\"http:\/\/art-badkrozingen.de\/wp-content\/gallery\/landesgartenschau-2022-1\/original_9b4d96bd-442b-41f1-9f5b-86f2be073468_IMG_20220910_143721.jpg\"\n               title=\"\"\n               data-src=\"http:\/\/art-badkrozingen.de\/wp-content\/gallery\/landesgartenschau-2022-1\/original_9b4d96bd-442b-41f1-9f5b-86f2be073468_IMG_20220910_143721.jpg\"\n               data-thumbnail=\"http:\/\/art-badkrozingen.de\/wp-content\/gallery\/landesgartenschau-2022-1\/thumbs\/thumbs_original_9b4d96bd-442b-41f1-9f5b-86f2be073468_IMG_20220910_143721.jpg\"\n               data-image-id=\"794\"\n               data-title=\"original_9b4d96bd-442b-41f1-9f5b-86f2be073468_IMG_20220910_143721\"\n               data-description=\"\"\n               data-image-slug=\"original_9b4d96bd-442b-41f1-9f5b-86f2be073468_img_20220910_143721\"\n               class=\"ngg-fancybox\" rel=\"7864ff5316abdb75538bf740dad138c4\">\n                <img\n                    title=\"original_9b4d96bd-442b-41f1-9f5b-86f2be073468_IMG_20220910_143721\"\n                    alt=\"original_9b4d96bd-442b-41f1-9f5b-86f2be073468_IMG_20220910_143721\"\n                    src=\"http:\/\/art-badkrozingen.de\/wp-content\/gallery\/landesgartenschau-2022-1\/thumbs\/thumbs_original_9b4d96bd-442b-41f1-9f5b-86f2be073468_IMG_20220910_143721.jpg\"\n                    width=\"200\"\n                    height=\"155\"\n                    style=\"max-width:100%;\"\n                \/>\n            <\/a>\n        <\/div>\n\t\t\t\t\t\t\t<\/div> \n\t\t\t\n        \n\t\t\t\t<div id=\"ngg-image-3\" class=\"ngg-gallery-thumbnail-box\" >\n\t\t\t\t        <div class=\"ngg-gallery-thumbnail\">\n            <a href=\"http:\/\/art-badkrozingen.de\/wp-content\/gallery\/landesgartenschau-2022-1\/IMG-20220910-WA0022.jpg\"\n               title=\"\"\n               data-src=\"http:\/\/art-badkrozingen.de\/wp-content\/gallery\/landesgartenschau-2022-1\/IMG-20220910-WA0022.jpg\"\n               data-thumbnail=\"http:\/\/art-badkrozingen.de\/wp-content\/gallery\/landesgartenschau-2022-1\/thumbs\/thumbs_IMG-20220910-WA0022.jpg\"\n               data-image-id=\"799\"\n               data-title=\"IMG-20220910-WA0022\"\n               data-description=\"\"\n               data-image-slug=\"img-20220910-wa0022\"\n               class=\"ngg-fancybox\" rel=\"7864ff5316abdb75538bf740dad138c4\">\n                <img\n                    title=\"IMG-20220910-WA0022\"\n                    alt=\"IMG-20220910-WA0022\"\n                    src=\"http:\/\/art-badkrozingen.de\/wp-content\/gallery\/landesgartenschau-2022-1\/thumbs\/thumbs_IMG-20220910-WA0022.jpg\"\n                    width=\"200\"\n                    height=\"155\"\n                    style=\"max-width:100%;\"\n                \/>\n            <\/a>\n        <\/div>\n\t\t\t\t\t\t\t<\/div> \n\t\t\t\n        \n\t\t\t\t<div id=\"ngg-image-4\" class=\"ngg-gallery-thumbnail-box\" >\n\t\t\t\t        <div class=\"ngg-gallery-thumbnail\">\n            <a href=\"http:\/\/art-badkrozingen.de\/wp-content\/gallery\/landesgartenschau-2022-1\/IMG_20220910_150402.jpg\"\n               title=\"\"\n               data-src=\"http:\/\/art-badkrozingen.de\/wp-content\/gallery\/landesgartenschau-2022-1\/IMG_20220910_150402.jpg\"\n               data-thumbnail=\"http:\/\/art-badkrozingen.de\/wp-content\/gallery\/landesgartenschau-2022-1\/thumbs\/thumbs_IMG_20220910_150402.jpg\"\n               data-image-id=\"789\"\n               data-title=\"IMG_20220910_150402\"\n               data-description=\"\"\n               data-image-slug=\"img_20220910_150402\"\n               class=\"ngg-fancybox\" rel=\"7864ff5316abdb75538bf740dad138c4\">\n                <img\n                    title=\"IMG_20220910_150402\"\n                    alt=\"IMG_20220910_150402\"\n                    src=\"http:\/\/art-badkrozingen.de\/wp-content\/gallery\/landesgartenschau-2022-1\/thumbs\/thumbs_IMG_20220910_150402.jpg\"\n                    width=\"200\"\n                    height=\"155\"\n                    style=\"max-width:100%;\"\n                \/>\n            <\/a>\n        <\/div>\n\t\t\t\t\t\t\t<\/div> \n\t\t\t\n        \n\t\t\t\t<div id=\"ngg-image-5\" class=\"ngg-gallery-thumbnail-box\" >\n\t\t\t\t        <div class=\"ngg-gallery-thumbnail\">\n            <a href=\"http:\/\/art-badkrozingen.de\/wp-content\/gallery\/landesgartenschau-2022-1\/IMG-20220910-WA0024.jpg\"\n               title=\"\"\n               data-src=\"http:\/\/art-badkrozingen.de\/wp-content\/gallery\/landesgartenschau-2022-1\/IMG-20220910-WA0024.jpg\"\n               data-thumbnail=\"http:\/\/art-badkrozingen.de\/wp-content\/gallery\/landesgartenschau-2022-1\/thumbs\/thumbs_IMG-20220910-WA0024.jpg\"\n               data-image-id=\"807\"\n               data-title=\"IMG-20220910-WA0024\"\n               data-description=\"\"\n               data-image-slug=\"img-20220910-wa0024\"\n               class=\"ngg-fancybox\" rel=\"7864ff5316abdb75538bf740dad138c4\">\n                <img\n                    title=\"IMG-20220910-WA0024\"\n                    alt=\"IMG-20220910-WA0024\"\n                    src=\"http:\/\/art-badkrozingen.de\/wp-content\/gallery\/landesgartenschau-2022-1\/thumbs\/thumbs_IMG-20220910-WA0024.jpg\"\n                    width=\"200\"\n                    height=\"155\"\n                    style=\"max-width:100%;\"\n                \/>\n            <\/a>\n        <\/div>\n\t\t\t\t\t\t\t<\/div> \n\t\t\t\n        \n\t\t\t\t<div id=\"ngg-image-6\" class=\"ngg-gallery-thumbnail-box\" >\n\t\t\t\t        <div class=\"ngg-gallery-thumbnail\">\n            <a href=\"http:\/\/art-badkrozingen.de\/wp-content\/gallery\/landesgartenschau-2022-1\/IMG_20220910_160741.jpg\"\n               title=\"\"\n               data-src=\"http:\/\/art-badkrozingen.de\/wp-content\/gallery\/landesgartenschau-2022-1\/IMG_20220910_160741.jpg\"\n               data-thumbnail=\"http:\/\/art-badkrozingen.de\/wp-content\/gallery\/landesgartenschau-2022-1\/thumbs\/thumbs_IMG_20220910_160741.jpg\"\n               data-image-id=\"797\"\n               data-title=\"IMG_20220910_160741\"\n               data-description=\"\"\n               data-image-slug=\"img_20220910_160741\"\n               class=\"ngg-fancybox\" rel=\"7864ff5316abdb75538bf740dad138c4\">\n                <img\n                    title=\"IMG_20220910_160741\"\n                    alt=\"IMG_20220910_160741\"\n                    src=\"http:\/\/art-badkrozingen.de\/wp-content\/gallery\/landesgartenschau-2022-1\/thumbs\/thumbs_IMG_20220910_160741.jpg\"\n                    width=\"200\"\n                    height=\"155\"\n                    style=\"max-width:100%;\"\n                \/>\n            <\/a>\n        <\/div>\n\t\t\t\t\t\t\t<\/div> \n\t\t\t\n        \n\t\t\t\t<div id=\"ngg-image-7\" class=\"ngg-gallery-thumbnail-box\" >\n\t\t\t\t        <div class=\"ngg-gallery-thumbnail\">\n            <a href=\"http:\/\/art-badkrozingen.de\/wp-content\/gallery\/landesgartenschau-2022-1\/IMG_20220910_155158.jpg\"\n               title=\"\"\n               data-src=\"http:\/\/art-badkrozingen.de\/wp-content\/gallery\/landesgartenschau-2022-1\/IMG_20220910_155158.jpg\"\n               data-thumbnail=\"http:\/\/art-badkrozingen.de\/wp-content\/gallery\/landesgartenschau-2022-1\/thumbs\/thumbs_IMG_20220910_155158.jpg\"\n               data-image-id=\"798\"\n               data-title=\"IMG_20220910_155158\"\n               data-description=\"\"\n               data-image-slug=\"img_20220910_155158\"\n               class=\"ngg-fancybox\" rel=\"7864ff5316abdb75538bf740dad138c4\">\n                <img\n                    title=\"IMG_20220910_155158\"\n                    alt=\"IMG_20220910_155158\"\n                    src=\"http:\/\/art-badkrozingen.de\/wp-content\/gallery\/landesgartenschau-2022-1\/thumbs\/thumbs_IMG_20220910_155158.jpg\"\n                    width=\"200\"\n                    height=\"155\"\n                    style=\"max-width:100%;\"\n                \/>\n            <\/a>\n        <\/div>\n\t\t\t\t\t\t\t<\/div> \n\t\t\t\n        \n\t\t\t\t<div id=\"ngg-image-8\" class=\"ngg-gallery-thumbnail-box\" >\n\t\t\t\t        <div class=\"ngg-gallery-thumbnail\">\n            <a href=\"http:\/\/art-badkrozingen.de\/wp-content\/gallery\/landesgartenschau-2022-1\/1_IMG_20220910_154813.jpg\"\n               title=\"\"\n               data-src=\"http:\/\/art-badkrozingen.de\/wp-content\/gallery\/landesgartenschau-2022-1\/1_IMG_20220910_154813.jpg\"\n               data-thumbnail=\"http:\/\/art-badkrozingen.de\/wp-content\/gallery\/landesgartenschau-2022-1\/thumbs\/thumbs_1_IMG_20220910_154813.jpg\"\n               data-image-id=\"791\"\n               data-title=\"1_IMG_20220910_154813\"\n               data-description=\"\"\n               data-image-slug=\"1_img_20220910_154813\"\n               class=\"ngg-fancybox\" rel=\"7864ff5316abdb75538bf740dad138c4\">\n                <img\n                    title=\"1_IMG_20220910_154813\"\n                    alt=\"1_IMG_20220910_154813\"\n                    src=\"http:\/\/art-badkrozingen.de\/wp-content\/gallery\/landesgartenschau-2022-1\/thumbs\/thumbs_1_IMG_20220910_154813.jpg\"\n                    width=\"200\"\n                    height=\"155\"\n                    style=\"max-width:100%;\"\n                \/>\n            <\/a>\n        <\/div>\n\t\t\t\t\t\t\t<\/div> \n\t\t\t\n        \n\t\t\t\t<div id=\"ngg-image-9\" class=\"ngg-gallery-thumbnail-box\" >\n\t\t\t\t        <div class=\"ngg-gallery-thumbnail\">\n            <a href=\"http:\/\/art-badkrozingen.de\/wp-content\/gallery\/landesgartenschau-2022-1\/IMG-20220911-WA0001.jpg\"\n               title=\"\"\n               data-src=\"http:\/\/art-badkrozingen.de\/wp-content\/gallery\/landesgartenschau-2022-1\/IMG-20220911-WA0001.jpg\"\n               data-thumbnail=\"http:\/\/art-badkrozingen.de\/wp-content\/gallery\/landesgartenschau-2022-1\/thumbs\/thumbs_IMG-20220911-WA0001.jpg\"\n               data-image-id=\"796\"\n               data-title=\"IMG-20220911-WA0001\"\n               data-description=\"\"\n               data-image-slug=\"img-20220911-wa0001\"\n               class=\"ngg-fancybox\" rel=\"7864ff5316abdb75538bf740dad138c4\">\n                <img\n                    title=\"IMG-20220911-WA0001\"\n                    alt=\"IMG-20220911-WA0001\"\n                    src=\"http:\/\/art-badkrozingen.de\/wp-content\/gallery\/landesgartenschau-2022-1\/thumbs\/thumbs_IMG-20220911-WA0001.jpg\"\n                    width=\"200\"\n                    height=\"155\"\n                    style=\"max-width:100%;\"\n                \/>\n            <\/a>\n        <\/div>\n\t\t\t\t\t\t\t<\/div> \n\t\t\t\n        \n\t\t\t\t<div id=\"ngg-image-10\" class=\"ngg-gallery-thumbnail-box\" >\n\t\t\t\t        <div class=\"ngg-gallery-thumbnail\">\n            <a href=\"http:\/\/art-badkrozingen.de\/wp-content\/gallery\/landesgartenschau-2022-1\/original_8ac497f2-6301-4c6d-925f-5228c1b9d8ac_IMG_20220910_160114_1.jpg\"\n               title=\"\"\n               data-src=\"http:\/\/art-badkrozingen.de\/wp-content\/gallery\/landesgartenschau-2022-1\/original_8ac497f2-6301-4c6d-925f-5228c1b9d8ac_IMG_20220910_160114_1.jpg\"\n               data-thumbnail=\"http:\/\/art-badkrozingen.de\/wp-content\/gallery\/landesgartenschau-2022-1\/thumbs\/thumbs_original_8ac497f2-6301-4c6d-925f-5228c1b9d8ac_IMG_20220910_160114_1.jpg\"\n               data-image-id=\"801\"\n               data-title=\"original_8ac497f2-6301-4c6d-925f-5228c1b9d8ac_IMG_20220910_160114_1\"\n               data-description=\"\"\n               data-image-slug=\"original_8ac497f2-6301-4c6d-925f-5228c1b9d8ac_img_20220910_160114_1\"\n               class=\"ngg-fancybox\" rel=\"7864ff5316abdb75538bf740dad138c4\">\n                <img\n                    title=\"original_8ac497f2-6301-4c6d-925f-5228c1b9d8ac_IMG_20220910_160114_1\"\n                    alt=\"original_8ac497f2-6301-4c6d-925f-5228c1b9d8ac_IMG_20220910_160114_1\"\n                    src=\"http:\/\/art-badkrozingen.de\/wp-content\/gallery\/landesgartenschau-2022-1\/thumbs\/thumbs_original_8ac497f2-6301-4c6d-925f-5228c1b9d8ac_IMG_20220910_160114_1.jpg\"\n                    width=\"200\"\n                    height=\"155\"\n                    style=\"max-width:100%;\"\n                \/>\n            <\/a>\n        <\/div>\n\t\t\t\t\t\t\t<\/div> \n\t\t\t\n        \n\t\t\t\t<div id=\"ngg-image-11\" class=\"ngg-gallery-thumbnail-box\" >\n\t\t\t\t        <div class=\"ngg-gallery-thumbnail\">\n            <a href=\"http:\/\/art-badkrozingen.de\/wp-content\/gallery\/landesgartenschau-2022-1\/IMG_20220910_163236_1.jpg\"\n               title=\"\"\n               data-src=\"http:\/\/art-badkrozingen.de\/wp-content\/gallery\/landesgartenschau-2022-1\/IMG_20220910_163236_1.jpg\"\n               data-thumbnail=\"http:\/\/art-badkrozingen.de\/wp-content\/gallery\/landesgartenschau-2022-1\/thumbs\/thumbs_IMG_20220910_163236_1.jpg\"\n               data-image-id=\"806\"\n               data-title=\"IMG_20220910_163236_1\"\n               data-description=\"\"\n               data-image-slug=\"img_20220910_163236_1\"\n               class=\"ngg-fancybox\" rel=\"7864ff5316abdb75538bf740dad138c4\">\n                <img\n                    title=\"IMG_20220910_163236_1\"\n                    alt=\"IMG_20220910_163236_1\"\n                    src=\"http:\/\/art-badkrozingen.de\/wp-content\/gallery\/landesgartenschau-2022-1\/thumbs\/thumbs_IMG_20220910_163236_1.jpg\"\n                    width=\"200\"\n                    height=\"155\"\n                    style=\"max-width:100%;\"\n                \/>\n            <\/a>\n        <\/div>\n\t\t\t\t\t\t\t<\/div> \n\t\t\t\n        \n\t\t\t\t<div id=\"ngg-image-12\" class=\"ngg-gallery-thumbnail-box\" >\n\t\t\t\t        <div class=\"ngg-gallery-thumbnail\">\n            <a href=\"http:\/\/art-badkrozingen.de\/wp-content\/gallery\/landesgartenschau-2022-1\/IMG_20220910_161545.jpg\"\n               title=\"\"\n               data-src=\"http:\/\/art-badkrozingen.de\/wp-content\/gallery\/landesgartenschau-2022-1\/IMG_20220910_161545.jpg\"\n               data-thumbnail=\"http:\/\/art-badkrozingen.de\/wp-content\/gallery\/landesgartenschau-2022-1\/thumbs\/thumbs_IMG_20220910_161545.jpg\"\n               data-image-id=\"814\"\n               data-title=\"IMG_20220910_161545\"\n               data-description=\"\"\n               data-image-slug=\"img_20220910_161545\"\n               class=\"ngg-fancybox\" rel=\"7864ff5316abdb75538bf740dad138c4\">\n                <img\n                    title=\"IMG_20220910_161545\"\n                    alt=\"IMG_20220910_161545\"\n                    src=\"http:\/\/art-badkrozingen.de\/wp-content\/gallery\/landesgartenschau-2022-1\/thumbs\/thumbs_IMG_20220910_161545.jpg\"\n                    width=\"200\"\n                    height=\"155\"\n                    style=\"max-width:100%;\"\n                \/>\n            <\/a>\n        <\/div>\n\t\t\t\t\t\t\t<\/div> \n\t\t\t\n        \n\t\t\t\t<div id=\"ngg-image-13\" class=\"ngg-gallery-thumbnail-box\" >\n\t\t\t\t        <div class=\"ngg-gallery-thumbnail\">\n            <a href=\"http:\/\/art-badkrozingen.de\/wp-content\/gallery\/landesgartenschau-2022-1\/IMG_20220910_161921.jpg\"\n               title=\"\"\n               data-src=\"http:\/\/art-badkrozingen.de\/wp-content\/gallery\/landesgartenschau-2022-1\/IMG_20220910_161921.jpg\"\n               data-thumbnail=\"http:\/\/art-badkrozingen.de\/wp-content\/gallery\/landesgartenschau-2022-1\/thumbs\/thumbs_IMG_20220910_161921.jpg\"\n               data-image-id=\"815\"\n               data-title=\"IMG_20220910_161921\"\n               data-description=\"\"\n               data-image-slug=\"img_20220910_161921\"\n               class=\"ngg-fancybox\" rel=\"7864ff5316abdb75538bf740dad138c4\">\n                <img\n                    title=\"IMG_20220910_161921\"\n                    alt=\"IMG_20220910_161921\"\n                    src=\"http:\/\/art-badkrozingen.de\/wp-content\/gallery\/landesgartenschau-2022-1\/thumbs\/thumbs_IMG_20220910_161921.jpg\"\n                    width=\"200\"\n                    height=\"155\"\n                    style=\"max-width:100%;\"\n                \/>\n            <\/a>\n        <\/div>\n\t\t\t\t\t\t\t<\/div> \n\t\t\t\n        \n\t\t\n\t\t<!-- Pagination -->\n\t<div class='ngg-clear'><\/div>\t<\/div>\n\n","protected":false},"excerpt":{"rendered":"<p>Wegen der vielen Blumen und anderen Pflanzen sind wir nicht nach Neuenburg gefahren. Vielmehr interessierten sich die teilnehmenden Mitglieder von ART f\u00fcr die auf der LGS ausgestellten und speziell f\u00fcr dieses Ereignis geschaffenen Kunstobjekte. W\u00e4hrend einer kenntnisreichen und professionellen zweist\u00fcndigen Kunstf\u00fchrung der Freiburger Kunsthistorikerin Susanne Meier-Faust hatten wir die M\u00f6glichkeit, alle auf der LGS ausgestellten [&hellip;]<\/p>\n","protected":false},"author":1,"featured_media":0,"comment_status":"closed","ping_status":"open","sticky":false,"template":"","format":"standard","meta":{"ngg_post_thumbnail":0},"categories":[2,10],"tags":[],"_links":{"self":[{"href":"http:\/\/art-badkrozingen.de\/index.php?rest_route=\/wp\/v2\/posts\/4843"}],"collection":[{"href":"http:\/\/art-badkrozingen.de\/index.php?rest_route=\/wp\/v2\/posts"}],"about":[{"href":"http:\/\/art-badkrozingen.de\/index.php?rest_route=\/wp\/v2\/types\/post"}],"author":[{"embeddable":true,"href":"http:\/\/art-badkrozingen.de\/index.php?rest_route=\/wp\/v2\/users\/1"}],"replies":[{"embeddable":true,"href":"http:\/\/art-badkrozingen.de\/index.php?rest_route=%2Fwp%2Fv2%2Fcomments&post=4843"}],"version-history":[{"count":4,"href":"http:\/\/art-badkrozingen.de\/index.php?rest_route=\/wp\/v2\/posts\/4843\/revisions"}],"predecessor-version":[{"id":4876,"href":"http:\/\/art-badkrozingen.de\/index.php?rest_route=\/wp\/v2\/posts\/4843\/revisions\/4876"}],"wp:attachment":[{"href":"http:\/\/art-badkrozingen.de\/index.php?rest_route=%2Fwp%2Fv2%2Fmedia&parent=4843"}],"wp:term":[{"taxonomy":"category","embeddable":true,"href":"http:\/\/art-badkrozingen.de\/index.php?rest_route=%2Fwp%2Fv2%2Fcategories&post=4843"},{"taxonomy":"post_tag","embeddable":true,"href":"http:\/\/art-badkrozingen.de\/index.php?rest_route=%2Fwp%2Fv2%2Ftags&post=4843"}],"curies":[{"name":"wp","href":"https:\/\/api.w.org\/{rel}","templated":true}]}}