{"id":5642,"date":"2023-11-15T13:49:37","date_gmt":"2023-11-15T13:49:37","guid":{"rendered":"https:\/\/art-badkrozingen.de\/?p=5642"},"modified":"2023-11-15T14:21:31","modified_gmt":"2023-11-15T14:21:31","slug":"startweekend-am-3-november-2023-unter-der-leitung-von-goenuel-pasinli","status":"publish","type":"post","link":"http:\/\/art-badkrozingen.de\/?p=5642","title":{"rendered":"StARTweekend am 3. November 2023 unter der Leitung von G\u00f6n\u00fcl Pasinli"},"content":{"rendered":"<p>Wieder ein voller Erfolg in der Bad Krozinger Mediathek! Die Vorlage war ein Gem\u00e4lde von August Macke&nbsp;<\/p>\n<p><img loading=\"lazy\" class=\"alignnone wp-image-5643\" src=\"https:\/\/art-badkrozingen.de\/wp-content\/uploads\/2023\/11\/IMG_20231103_214220-300x225.jpg\" alt=\"\" width=\"328\" height=\"246\" srcset=\"http:\/\/art-badkrozingen.de\/wp-content\/uploads\/2023\/11\/IMG_20231103_214220-300x225.jpg 300w, http:\/\/art-badkrozingen.de\/wp-content\/uploads\/2023\/11\/IMG_20231103_214220-1024x768.jpg 1024w, http:\/\/art-badkrozingen.de\/wp-content\/uploads\/2023\/11\/IMG_20231103_214220-768x576.jpg 768w, http:\/\/art-badkrozingen.de\/wp-content\/uploads\/2023\/11\/IMG_20231103_214220.jpg 1241w\" sizes=\"(max-width: 328px) 100vw, 328px\" \/><img loading=\"lazy\" class=\"size-medium wp-image-5581 alignleft\" src=\"https:\/\/art-badkrozingen.de\/wp-content\/uploads\/2023\/10\/start7-_03.11.2023-212x300.jpg\" alt=\"\" width=\"212\" height=\"300\" srcset=\"http:\/\/art-badkrozingen.de\/wp-content\/uploads\/2023\/10\/start7-_03.11.2023-212x300.jpg 212w, http:\/\/art-badkrozingen.de\/wp-content\/uploads\/2023\/10\/start7-_03.11.2023-724x1024.jpg 724w, http:\/\/art-badkrozingen.de\/wp-content\/uploads\/2023\/10\/start7-_03.11.2023-768x1086.jpg 768w, http:\/\/art-badkrozingen.de\/wp-content\/uploads\/2023\/10\/start7-_03.11.2023-1086x1536.jpg 1086w, http:\/\/art-badkrozingen.de\/wp-content\/uploads\/2023\/10\/start7-_03.11.2023-1448x2048.jpg 1448w, http:\/\/art-badkrozingen.de\/wp-content\/uploads\/2023\/10\/start7-_03.11.2023.jpg 1754w\" sizes=\"(max-width: 212px) 100vw, 212px\" \/><\/p>\n","protected":false},"excerpt":{"rendered":"<p>Wieder ein voller Erfolg in der Bad Krozinger Mediathek! Die Vorlage war ein Gem\u00e4lde von August Macke&nbsp;<\/p>\n","protected":false},"author":1,"featured_media":0,"comment_status":"closed","ping_status":"open","sticky":false,"template":"","format":"standard","meta":{"ngg_post_thumbnail":0},"categories":[14],"tags":[],"_links":{"self":[{"href":"http:\/\/art-badkrozingen.de\/index.php?rest_route=\/wp\/v2\/posts\/5642"}],"collection":[{"href":"http:\/\/art-badkrozingen.de\/index.php?rest_route=\/wp\/v2\/posts"}],"about":[{"href":"http:\/\/art-badkrozingen.de\/index.php?rest_route=\/wp\/v2\/types\/post"}],"author":[{"embeddable":true,"href":"http:\/\/art-badkrozingen.de\/index.php?rest_route=\/wp\/v2\/users\/1"}],"replies":[{"embeddable":true,"href":"http:\/\/art-badkrozingen.de\/index.php?rest_route=%2Fwp%2Fv2%2Fcomments&post=5642"}],"version-history":[{"count":4,"href":"http:\/\/art-badkrozingen.de\/index.php?rest_route=\/wp\/v2\/posts\/5642\/revisions"}],"predecessor-version":[{"id":5647,"href":"http:\/\/art-badkrozingen.de\/index.php?rest_route=\/wp\/v2\/posts\/5642\/revisions\/5647"}],"wp:attachment":[{"href":"http:\/\/art-badkrozingen.de\/index.php?rest_route=%2Fwp%2Fv2%2Fmedia&parent=5642"}],"wp:term":[{"taxonomy":"category","embeddable":true,"href":"http:\/\/art-badkrozingen.de\/index.php?rest_route=%2Fwp%2Fv2%2Fcategories&post=5642"},{"taxonomy":"post_tag","embeddable":true,"href":"http:\/\/art-badkrozingen.de\/index.php?rest_route=%2Fwp%2Fv2%2Ftags&post=5642"}],"curies":[{"name":"wp","href":"https:\/\/api.w.org\/{rel}","templated":true}]}}