{"id":1137,"date":"2016-11-04T07:06:57","date_gmt":"2016-11-04T07:06:57","guid":{"rendered":"http:\/\/art-badkrozingen.de\/?p=1137"},"modified":"2018-01-19T09:36:26","modified_gmt":"2018-01-19T09:36:26","slug":"art-vortrag-sehphaenomene-in-alltag-kunst-und-wissenschaft","status":"publish","type":"post","link":"https:\/\/art-badkrozingen.de\/?p=1137","title":{"rendered":"ART Vortrag: Sehph\u00e4nomene in Alltag, Kunst und Wissenschaft"},"content":{"rendered":"<p><img loading=\"lazy\" class=\" wp-image-1140 alignright\" src=\"http:\/\/art-badkrozingen.de\/wp-content\/uploads\/2017\/08\/moon-1.jpg\" alt=\"\" width=\"238\" height=\"303\" srcset=\"https:\/\/art-badkrozingen.de\/wp-content\/uploads\/2017\/08\/moon-1.jpg 337w, https:\/\/art-badkrozingen.de\/wp-content\/uploads\/2017\/08\/moon-1-236x300.jpg 236w\" sizes=\"(max-width: 238px) 100vw, 238px\" \/><\/p>\n<p>Prof. Dr. Michael Bach, Physiker und Hirnforscher an der Universit\u00e4tsaugenklinik Freiburg, hat sich spezialisiert auf Funktionelle Sehforschung bei&nbsp;Erkrankungen des Auges und der Sehbahn. Dar\u00fcber hinaus gilt sein besonderes Interesse optischen T\u00e4uschungen und Sehph\u00e4nomenen, die auch gerne in der bildenden Kunst aufgegriffen werden. Er begeisterte sein am 02. November 2016 zahlreich erschienenes Publikum mit einer F\u00fclle von Beispielen von Sehph\u00e4nomenen und optischen T\u00e4uschungen und demonstrierte, wie leicht wir uns in unserer Wahrnehmung t\u00e4uschen lassen und wie viele K\u00fcnstler solche Ph\u00e4nomene in ihren Bildern genutzt haben. Viele Beispiele hierzu finden Sie auf <a href=\"http:\/\/www.michaelbach.de\/ot\/index-de.html\" target=\"_blank\" rel=\"noopener\">http:\/\/www.michaelbach.de\/ot\/index-de.html<\/a><\/p>\n","protected":false},"excerpt":{"rendered":"<p>Prof. Dr. Michael Bach, Physiker und Hirnforscher an der Universit\u00e4tsaugenklinik Freiburg, hat sich spezialisiert auf Funktionelle Sehforschung bei&nbsp;Erkrankungen des Auges und der Sehbahn. Dar\u00fcber hinaus gilt sein besonderes Interesse optischen T\u00e4uschungen und Sehph\u00e4nomenen, die auch gerne in der bildenden Kunst aufgegriffen werden. Er begeisterte sein am 02. November 2016 zahlreich erschienenes Publikum mit einer F\u00fclle [&hellip;]<\/p>\n","protected":false},"author":1,"featured_media":0,"comment_status":"closed","ping_status":"open","sticky":false,"template":"","format":"standard","meta":{"ngg_post_thumbnail":0},"categories":[15],"tags":[],"_links":{"self":[{"href":"https:\/\/art-badkrozingen.de\/index.php?rest_route=\/wp\/v2\/posts\/1137"}],"collection":[{"href":"https:\/\/art-badkrozingen.de\/index.php?rest_route=\/wp\/v2\/posts"}],"about":[{"href":"https:\/\/art-badkrozingen.de\/index.php?rest_route=\/wp\/v2\/types\/post"}],"author":[{"embeddable":true,"href":"https:\/\/art-badkrozingen.de\/index.php?rest_route=\/wp\/v2\/users\/1"}],"replies":[{"embeddable":true,"href":"https:\/\/art-badkrozingen.de\/index.php?rest_route=%2Fwp%2Fv2%2Fcomments&post=1137"}],"version-history":[{"count":8,"href":"https:\/\/art-badkrozingen.de\/index.php?rest_route=\/wp\/v2\/posts\/1137\/revisions"}],"predecessor-version":[{"id":1741,"href":"https:\/\/art-badkrozingen.de\/index.php?rest_route=\/wp\/v2\/posts\/1137\/revisions\/1741"}],"wp:attachment":[{"href":"https:\/\/art-badkrozingen.de\/index.php?rest_route=%2Fwp%2Fv2%2Fmedia&parent=1137"}],"wp:term":[{"taxonomy":"category","embeddable":true,"href":"https:\/\/art-badkrozingen.de\/index.php?rest_route=%2Fwp%2Fv2%2Fcategories&post=1137"},{"taxonomy":"post_tag","embeddable":true,"href":"https:\/\/art-badkrozingen.de\/index.php?rest_route=%2Fwp%2Fv2%2Ftags&post=1137"}],"curies":[{"name":"wp","href":"https:\/\/api.w.org\/{rel}","templated":true}]}}