{"id":3122,"date":"2019-09-04T09:26:27","date_gmt":"2019-09-04T09:26:27","guid":{"rendered":"http:\/\/art-badkrozingen.de\/?p=3122"},"modified":"2019-09-04T10:18:02","modified_gmt":"2019-09-04T10:18:02","slug":"kunstfahrt-am-01-09-2019-zur-kunsthalle-wuerth-in-schwaebisch-hall","status":"publish","type":"post","link":"https:\/\/art-badkrozingen.de\/?p=3122","title":{"rendered":"Kunstfahrt am 01.09.2019 zur Kunsthalle W\u00fcrth in Schw\u00e4bisch Hall"},"content":{"rendered":"<!-- index.php -->\n<div\n\tclass=\"ngg-galleryoverview ngg-ajax-pagination-none\"\n\tid=\"ngg-gallery-e46eaa2e4f3a57d91b39d32903ce20ea-1\">\n\n    \t<div class=\"slideshowlink\">\n        <a href='https:\/\/art-badkrozingen.de\/index.php\/nggallery\/slideshow?p=3122'>&#091;Zeige eine Slideshow&#093;<\/a>\n\t\t\n\t<\/div>\n\t\t\t<!-- Thumbnails -->\n\t\t\t\t<div id=\"ngg-image-0\" class=\"ngg-gallery-thumbnail-box\" >\n\t\t\t\t        <div class=\"ngg-gallery-thumbnail\">\n            <a href=\"https:\/\/art-badkrozingen.de\/wp-content\/gallery\/kunstfahrt-schwaebisch-hall\/IMG-20190901-WA0007.jpg\"\n               title=\"\"\n               data-src=\"https:\/\/art-badkrozingen.de\/wp-content\/gallery\/kunstfahrt-schwaebisch-hall\/IMG-20190901-WA0007.jpg\"\n               data-thumbnail=\"https:\/\/art-badkrozingen.de\/wp-content\/gallery\/kunstfahrt-schwaebisch-hall\/thumbs\/thumbs_IMG-20190901-WA0007.jpg\"\n               data-image-id=\"464\"\n               data-title=\"IMG-20190901-WA0007\"\n               data-description=\"\"\n               data-image-slug=\"img-20190901-wa0007\"\n               class=\"ngg-fancybox\" rel=\"e46eaa2e4f3a57d91b39d32903ce20ea\">\n                <img\n                    title=\"IMG-20190901-WA0007\"\n                    alt=\"IMG-20190901-WA0007\"\n                    src=\"https:\/\/art-badkrozingen.de\/wp-content\/gallery\/kunstfahrt-schwaebisch-hall\/thumbs\/thumbs_IMG-20190901-WA0007.jpg\"\n                    width=\"200\"\n                    height=\"155\"\n                    style=\"max-width:100%;\"\n                \/>\n            <\/a>\n        <\/div>\n\t\t\t\t\t\t\t<\/div> \n\t\t\t\n        \n\t\t\t\t<div id=\"ngg-image-1\" class=\"ngg-gallery-thumbnail-box\" >\n\t\t\t\t        <div class=\"ngg-gallery-thumbnail\">\n            <a href=\"https:\/\/art-badkrozingen.de\/wp-content\/gallery\/kunstfahrt-schwaebisch-hall\/IMG-20190903-WA0010.jpg\"\n               title=\"\"\n               data-src=\"https:\/\/art-badkrozingen.de\/wp-content\/gallery\/kunstfahrt-schwaebisch-hall\/IMG-20190903-WA0010.jpg\"\n               data-thumbnail=\"https:\/\/art-badkrozingen.de\/wp-content\/gallery\/kunstfahrt-schwaebisch-hall\/thumbs\/thumbs_IMG-20190903-WA0010.jpg\"\n               data-image-id=\"461\"\n               data-title=\"IMG-20190903-WA0010\"\n               data-description=\"\"\n               data-image-slug=\"img-20190903-wa0010\"\n               class=\"ngg-fancybox\" rel=\"e46eaa2e4f3a57d91b39d32903ce20ea\">\n                <img\n                    title=\"IMG-20190903-WA0010\"\n                    alt=\"IMG-20190903-WA0010\"\n                    src=\"https:\/\/art-badkrozingen.de\/wp-content\/gallery\/kunstfahrt-schwaebisch-hall\/thumbs\/thumbs_IMG-20190903-WA0010.jpg\"\n                    width=\"200\"\n                    height=\"155\"\n                    style=\"max-width:100%;\"\n                \/>\n            <\/a>\n        <\/div>\n\t\t\t\t\t\t\t<\/div> \n\t\t\t\n        \n\t\t\t\t<div id=\"ngg-image-2\" class=\"ngg-gallery-thumbnail-box\" >\n\t\t\t\t        <div class=\"ngg-gallery-thumbnail\">\n            <a href=\"https:\/\/art-badkrozingen.de\/wp-content\/gallery\/kunstfahrt-schwaebisch-hall\/IMG-20190903-WA0011.jpg\"\n               title=\"\"\n               data-src=\"https:\/\/art-badkrozingen.de\/wp-content\/gallery\/kunstfahrt-schwaebisch-hall\/IMG-20190903-WA0011.jpg\"\n               data-thumbnail=\"https:\/\/art-badkrozingen.de\/wp-content\/gallery\/kunstfahrt-schwaebisch-hall\/thumbs\/thumbs_IMG-20190903-WA0011.jpg\"\n               data-image-id=\"462\"\n               data-title=\"IMG-20190903-WA0011\"\n               data-description=\"\"\n               data-image-slug=\"img-20190903-wa0011\"\n               class=\"ngg-fancybox\" rel=\"e46eaa2e4f3a57d91b39d32903ce20ea\">\n                <img\n                    title=\"IMG-20190903-WA0011\"\n                    alt=\"IMG-20190903-WA0011\"\n                    src=\"https:\/\/art-badkrozingen.de\/wp-content\/gallery\/kunstfahrt-schwaebisch-hall\/thumbs\/thumbs_IMG-20190903-WA0011.jpg\"\n                    width=\"200\"\n                    height=\"155\"\n                    style=\"max-width:100%;\"\n                \/>\n            <\/a>\n        <\/div>\n\t\t\t\t\t\t\t<\/div> \n\t\t\t\n        \n\t\t\t\t<div id=\"ngg-image-3\" class=\"ngg-gallery-thumbnail-box\" >\n\t\t\t\t        <div class=\"ngg-gallery-thumbnail\">\n            <a href=\"https:\/\/art-badkrozingen.de\/wp-content\/gallery\/kunstfahrt-schwaebisch-hall\/IMG-20190903-WA0000.jpg\"\n               title=\"\"\n               data-src=\"https:\/\/art-badkrozingen.de\/wp-content\/gallery\/kunstfahrt-schwaebisch-hall\/IMG-20190903-WA0000.jpg\"\n               data-thumbnail=\"https:\/\/art-badkrozingen.de\/wp-content\/gallery\/kunstfahrt-schwaebisch-hall\/thumbs\/thumbs_IMG-20190903-WA0000.jpg\"\n               data-image-id=\"468\"\n               data-title=\"IMG-20190903-WA0000\"\n               data-description=\"\"\n               data-image-slug=\"img-20190903-wa0000\"\n               class=\"ngg-fancybox\" rel=\"e46eaa2e4f3a57d91b39d32903ce20ea\">\n                <img\n                    title=\"IMG-20190903-WA0000\"\n                    alt=\"IMG-20190903-WA0000\"\n                    src=\"https:\/\/art-badkrozingen.de\/wp-content\/gallery\/kunstfahrt-schwaebisch-hall\/thumbs\/thumbs_IMG-20190903-WA0000.jpg\"\n                    width=\"200\"\n                    height=\"155\"\n                    style=\"max-width:100%;\"\n                \/>\n            <\/a>\n        <\/div>\n\t\t\t\t\t\t\t<\/div> \n\t\t\t\n        \n\t\t\t\t<div id=\"ngg-image-4\" class=\"ngg-gallery-thumbnail-box\" >\n\t\t\t\t        <div class=\"ngg-gallery-thumbnail\">\n            <a href=\"https:\/\/art-badkrozingen.de\/wp-content\/gallery\/kunstfahrt-schwaebisch-hall\/IMG-20190903-WA0005.jpg\"\n               title=\"\"\n               data-src=\"https:\/\/art-badkrozingen.de\/wp-content\/gallery\/kunstfahrt-schwaebisch-hall\/IMG-20190903-WA0005.jpg\"\n               data-thumbnail=\"https:\/\/art-badkrozingen.de\/wp-content\/gallery\/kunstfahrt-schwaebisch-hall\/thumbs\/thumbs_IMG-20190903-WA0005.jpg\"\n               data-image-id=\"458\"\n               data-title=\"IMG-20190903-WA0005\"\n               data-description=\"\"\n               data-image-slug=\"img-20190903-wa0005\"\n               class=\"ngg-fancybox\" rel=\"e46eaa2e4f3a57d91b39d32903ce20ea\">\n                <img\n                    title=\"IMG-20190903-WA0005\"\n                    alt=\"IMG-20190903-WA0005\"\n                    src=\"https:\/\/art-badkrozingen.de\/wp-content\/gallery\/kunstfahrt-schwaebisch-hall\/thumbs\/thumbs_IMG-20190903-WA0005.jpg\"\n                    width=\"200\"\n                    height=\"155\"\n                    style=\"max-width:100%;\"\n                \/>\n            <\/a>\n        <\/div>\n\t\t\t\t\t\t\t<\/div> \n\t\t\t\n        \n\t\t\t\t<div id=\"ngg-image-5\" class=\"ngg-gallery-thumbnail-box\" >\n\t\t\t\t        <div class=\"ngg-gallery-thumbnail\">\n            <a href=\"https:\/\/art-badkrozingen.de\/wp-content\/gallery\/kunstfahrt-schwaebisch-hall\/IMG-20190903-WA0002.jpg\"\n               title=\"\"\n               data-src=\"https:\/\/art-badkrozingen.de\/wp-content\/gallery\/kunstfahrt-schwaebisch-hall\/IMG-20190903-WA0002.jpg\"\n               data-thumbnail=\"https:\/\/art-badkrozingen.de\/wp-content\/gallery\/kunstfahrt-schwaebisch-hall\/thumbs\/thumbs_IMG-20190903-WA0002.jpg\"\n               data-image-id=\"455\"\n               data-title=\"IMG-20190903-WA0002\"\n               data-description=\"\"\n               data-image-slug=\"img-20190903-wa0002\"\n               class=\"ngg-fancybox\" rel=\"e46eaa2e4f3a57d91b39d32903ce20ea\">\n                <img\n                    title=\"IMG-20190903-WA0002\"\n                    alt=\"IMG-20190903-WA0002\"\n                    src=\"https:\/\/art-badkrozingen.de\/wp-content\/gallery\/kunstfahrt-schwaebisch-hall\/thumbs\/thumbs_IMG-20190903-WA0002.jpg\"\n                    width=\"200\"\n                    height=\"155\"\n                    style=\"max-width:100%;\"\n                \/>\n            <\/a>\n        <\/div>\n\t\t\t\t\t\t\t<\/div> \n\t\t\t\n        \n\t\t\t\t<div id=\"ngg-image-6\" class=\"ngg-gallery-thumbnail-box\" >\n\t\t\t\t        <div class=\"ngg-gallery-thumbnail\">\n            <a href=\"https:\/\/art-badkrozingen.de\/wp-content\/gallery\/kunstfahrt-schwaebisch-hall\/IMG-20190903-WA0003.jpg\"\n               title=\"\"\n               data-src=\"https:\/\/art-badkrozingen.de\/wp-content\/gallery\/kunstfahrt-schwaebisch-hall\/IMG-20190903-WA0003.jpg\"\n               data-thumbnail=\"https:\/\/art-badkrozingen.de\/wp-content\/gallery\/kunstfahrt-schwaebisch-hall\/thumbs\/thumbs_IMG-20190903-WA0003.jpg\"\n               data-image-id=\"456\"\n               data-title=\"IMG-20190903-WA0003\"\n               data-description=\"\"\n               data-image-slug=\"img-20190903-wa0003\"\n               class=\"ngg-fancybox\" rel=\"e46eaa2e4f3a57d91b39d32903ce20ea\">\n                <img\n                    title=\"IMG-20190903-WA0003\"\n                    alt=\"IMG-20190903-WA0003\"\n                    src=\"https:\/\/art-badkrozingen.de\/wp-content\/gallery\/kunstfahrt-schwaebisch-hall\/thumbs\/thumbs_IMG-20190903-WA0003.jpg\"\n                    width=\"200\"\n                    height=\"155\"\n                    style=\"max-width:100%;\"\n                \/>\n            <\/a>\n        <\/div>\n\t\t\t\t\t\t\t<\/div> \n\t\t\t\n        \n\t\t\t\t<div id=\"ngg-image-7\" class=\"ngg-gallery-thumbnail-box\" >\n\t\t\t\t        <div class=\"ngg-gallery-thumbnail\">\n            <a href=\"https:\/\/art-badkrozingen.de\/wp-content\/gallery\/kunstfahrt-schwaebisch-hall\/IMG-20190903-WA0004.jpg\"\n               title=\"\"\n               data-src=\"https:\/\/art-badkrozingen.de\/wp-content\/gallery\/kunstfahrt-schwaebisch-hall\/IMG-20190903-WA0004.jpg\"\n               data-thumbnail=\"https:\/\/art-badkrozingen.de\/wp-content\/gallery\/kunstfahrt-schwaebisch-hall\/thumbs\/thumbs_IMG-20190903-WA0004.jpg\"\n               data-image-id=\"457\"\n               data-title=\"IMG-20190903-WA0004\"\n               data-description=\"\"\n               data-image-slug=\"img-20190903-wa0004\"\n               class=\"ngg-fancybox\" rel=\"e46eaa2e4f3a57d91b39d32903ce20ea\">\n                <img\n                    title=\"IMG-20190903-WA0004\"\n                    alt=\"IMG-20190903-WA0004\"\n                    src=\"https:\/\/art-badkrozingen.de\/wp-content\/gallery\/kunstfahrt-schwaebisch-hall\/thumbs\/thumbs_IMG-20190903-WA0004.jpg\"\n                    width=\"200\"\n                    height=\"155\"\n                    style=\"max-width:100%;\"\n                \/>\n            <\/a>\n        <\/div>\n\t\t\t\t\t\t\t<\/div> \n\t\t\t\n        \n\t\t\t\t<div id=\"ngg-image-8\" class=\"ngg-gallery-thumbnail-box\" >\n\t\t\t\t        <div class=\"ngg-gallery-thumbnail\">\n            <a href=\"https:\/\/art-badkrozingen.de\/wp-content\/gallery\/kunstfahrt-schwaebisch-hall\/IMG-20190901-WA0008.jpg\"\n               title=\"\"\n               data-src=\"https:\/\/art-badkrozingen.de\/wp-content\/gallery\/kunstfahrt-schwaebisch-hall\/IMG-20190901-WA0008.jpg\"\n               data-thumbnail=\"https:\/\/art-badkrozingen.de\/wp-content\/gallery\/kunstfahrt-schwaebisch-hall\/thumbs\/thumbs_IMG-20190901-WA0008.jpg\"\n               data-image-id=\"465\"\n               data-title=\"IMG-20190901-WA0008\"\n               data-description=\"\"\n               data-image-slug=\"img-20190901-wa0008\"\n               class=\"ngg-fancybox\" rel=\"e46eaa2e4f3a57d91b39d32903ce20ea\">\n                <img\n                    title=\"IMG-20190901-WA0008\"\n                    alt=\"IMG-20190901-WA0008\"\n                    src=\"https:\/\/art-badkrozingen.de\/wp-content\/gallery\/kunstfahrt-schwaebisch-hall\/thumbs\/thumbs_IMG-20190901-WA0008.jpg\"\n                    width=\"200\"\n                    height=\"155\"\n                    style=\"max-width:100%;\"\n                \/>\n            <\/a>\n        <\/div>\n\t\t\t\t\t\t\t<\/div> \n\t\t\t\n        \n\t\t\t\t<div id=\"ngg-image-9\" class=\"ngg-gallery-thumbnail-box\" >\n\t\t\t\t        <div class=\"ngg-gallery-thumbnail\">\n            <a href=\"https:\/\/art-badkrozingen.de\/wp-content\/gallery\/kunstfahrt-schwaebisch-hall\/IMG-20190901-WA0009.jpg\"\n               title=\"\"\n               data-src=\"https:\/\/art-badkrozingen.de\/wp-content\/gallery\/kunstfahrt-schwaebisch-hall\/IMG-20190901-WA0009.jpg\"\n               data-thumbnail=\"https:\/\/art-badkrozingen.de\/wp-content\/gallery\/kunstfahrt-schwaebisch-hall\/thumbs\/thumbs_IMG-20190901-WA0009.jpg\"\n               data-image-id=\"466\"\n               data-title=\"IMG-20190901-WA0009\"\n               data-description=\"\"\n               data-image-slug=\"img-20190901-wa0009\"\n               class=\"ngg-fancybox\" rel=\"e46eaa2e4f3a57d91b39d32903ce20ea\">\n                <img\n                    title=\"IMG-20190901-WA0009\"\n                    alt=\"IMG-20190901-WA0009\"\n                    src=\"https:\/\/art-badkrozingen.de\/wp-content\/gallery\/kunstfahrt-schwaebisch-hall\/thumbs\/thumbs_IMG-20190901-WA0009.jpg\"\n                    width=\"200\"\n                    height=\"155\"\n                    style=\"max-width:100%;\"\n                \/>\n            <\/a>\n        <\/div>\n\t\t\t\t\t\t\t<\/div> \n\t\t\t\n        \n\t\t\t\t<div id=\"ngg-image-10\" class=\"ngg-gallery-thumbnail-box\" >\n\t\t\t\t        <div class=\"ngg-gallery-thumbnail\">\n            <a href=\"https:\/\/art-badkrozingen.de\/wp-content\/gallery\/kunstfahrt-schwaebisch-hall\/IMG-20190903-WA0012.jpg\"\n               title=\"\"\n               data-src=\"https:\/\/art-badkrozingen.de\/wp-content\/gallery\/kunstfahrt-schwaebisch-hall\/IMG-20190903-WA0012.jpg\"\n               data-thumbnail=\"https:\/\/art-badkrozingen.de\/wp-content\/gallery\/kunstfahrt-schwaebisch-hall\/thumbs\/thumbs_IMG-20190903-WA0012.jpg\"\n               data-image-id=\"463\"\n               data-title=\"IMG-20190903-WA0012\"\n               data-description=\"\"\n               data-image-slug=\"img-20190903-wa0012\"\n               class=\"ngg-fancybox\" rel=\"e46eaa2e4f3a57d91b39d32903ce20ea\">\n                <img\n                    title=\"IMG-20190903-WA0012\"\n                    alt=\"IMG-20190903-WA0012\"\n                    src=\"https:\/\/art-badkrozingen.de\/wp-content\/gallery\/kunstfahrt-schwaebisch-hall\/thumbs\/thumbs_IMG-20190903-WA0012.jpg\"\n                    width=\"200\"\n                    height=\"155\"\n                    style=\"max-width:100%;\"\n                \/>\n            <\/a>\n        <\/div>\n\t\t\t\t\t\t\t<\/div> \n\t\t\t\n        \n\t\t\t\t<div id=\"ngg-image-11\" class=\"ngg-gallery-thumbnail-box\" >\n\t\t\t\t        <div class=\"ngg-gallery-thumbnail\">\n            <a href=\"https:\/\/art-badkrozingen.de\/wp-content\/gallery\/kunstfahrt-schwaebisch-hall\/IMG-20190903-WA0007.jpg\"\n               title=\"\"\n               data-src=\"https:\/\/art-badkrozingen.de\/wp-content\/gallery\/kunstfahrt-schwaebisch-hall\/IMG-20190903-WA0007.jpg\"\n               data-thumbnail=\"https:\/\/art-badkrozingen.de\/wp-content\/gallery\/kunstfahrt-schwaebisch-hall\/thumbs\/thumbs_IMG-20190903-WA0007.jpg\"\n               data-image-id=\"459\"\n               data-title=\"IMG-20190903-WA0007\"\n               data-description=\"\"\n               data-image-slug=\"img-20190903-wa0007\"\n               class=\"ngg-fancybox\" rel=\"e46eaa2e4f3a57d91b39d32903ce20ea\">\n                <img\n                    title=\"IMG-20190903-WA0007\"\n                    alt=\"IMG-20190903-WA0007\"\n                    src=\"https:\/\/art-badkrozingen.de\/wp-content\/gallery\/kunstfahrt-schwaebisch-hall\/thumbs\/thumbs_IMG-20190903-WA0007.jpg\"\n                    width=\"200\"\n                    height=\"155\"\n                    style=\"max-width:100%;\"\n                \/>\n            <\/a>\n        <\/div>\n\t\t\t\t\t\t\t<\/div> \n\t\t\t\n        \n\t\t\t\t<div id=\"ngg-image-12\" class=\"ngg-gallery-thumbnail-box\" >\n\t\t\t\t        <div class=\"ngg-gallery-thumbnail\">\n            <a href=\"https:\/\/art-badkrozingen.de\/wp-content\/gallery\/kunstfahrt-schwaebisch-hall\/IMG-20190903-WA0001.jpg\"\n               title=\"\"\n               data-src=\"https:\/\/art-badkrozingen.de\/wp-content\/gallery\/kunstfahrt-schwaebisch-hall\/IMG-20190903-WA0001.jpg\"\n               data-thumbnail=\"https:\/\/art-badkrozingen.de\/wp-content\/gallery\/kunstfahrt-schwaebisch-hall\/thumbs\/thumbs_IMG-20190903-WA0001.jpg\"\n               data-image-id=\"469\"\n               data-title=\"IMG-20190903-WA0001\"\n               data-description=\"\"\n               data-image-slug=\"img-20190903-wa0001\"\n               class=\"ngg-fancybox\" rel=\"e46eaa2e4f3a57d91b39d32903ce20ea\">\n                <img\n                    title=\"IMG-20190903-WA0001\"\n                    alt=\"IMG-20190903-WA0001\"\n                    src=\"https:\/\/art-badkrozingen.de\/wp-content\/gallery\/kunstfahrt-schwaebisch-hall\/thumbs\/thumbs_IMG-20190903-WA0001.jpg\"\n                    width=\"200\"\n                    height=\"155\"\n                    style=\"max-width:100%;\"\n                \/>\n            <\/a>\n        <\/div>\n\t\t\t\t\t\t\t<\/div> \n\t\t\t\n        \n\t\t\t\t<div id=\"ngg-image-13\" class=\"ngg-gallery-thumbnail-box\" >\n\t\t\t\t        <div class=\"ngg-gallery-thumbnail\">\n            <a href=\"https:\/\/art-badkrozingen.de\/wp-content\/gallery\/kunstfahrt-schwaebisch-hall\/IMG-20190903-WA0009.jpg\"\n               title=\"\"\n               data-src=\"https:\/\/art-badkrozingen.de\/wp-content\/gallery\/kunstfahrt-schwaebisch-hall\/IMG-20190903-WA0009.jpg\"\n               data-thumbnail=\"https:\/\/art-badkrozingen.de\/wp-content\/gallery\/kunstfahrt-schwaebisch-hall\/thumbs\/thumbs_IMG-20190903-WA0009.jpg\"\n               data-image-id=\"460\"\n               data-title=\"IMG-20190903-WA0009\"\n               data-description=\"\"\n               data-image-slug=\"img-20190903-wa0009\"\n               class=\"ngg-fancybox\" rel=\"e46eaa2e4f3a57d91b39d32903ce20ea\">\n                <img\n                    title=\"IMG-20190903-WA0009\"\n                    alt=\"IMG-20190903-WA0009\"\n                    src=\"https:\/\/art-badkrozingen.de\/wp-content\/gallery\/kunstfahrt-schwaebisch-hall\/thumbs\/thumbs_IMG-20190903-WA0009.jpg\"\n                    width=\"200\"\n                    height=\"155\"\n                    style=\"max-width:100%;\"\n                \/>\n            <\/a>\n        <\/div>\n\t\t\t\t\t\t\t<\/div> \n\t\t\t\n        \n\t\t\t\t<div id=\"ngg-image-14\" class=\"ngg-gallery-thumbnail-box\" >\n\t\t\t\t        <div class=\"ngg-gallery-thumbnail\">\n            <a href=\"https:\/\/art-badkrozingen.de\/wp-content\/gallery\/kunstfahrt-schwaebisch-hall\/IMG-20190901-WA0010.jpg\"\n               title=\"\"\n               data-src=\"https:\/\/art-badkrozingen.de\/wp-content\/gallery\/kunstfahrt-schwaebisch-hall\/IMG-20190901-WA0010.jpg\"\n               data-thumbnail=\"https:\/\/art-badkrozingen.de\/wp-content\/gallery\/kunstfahrt-schwaebisch-hall\/thumbs\/thumbs_IMG-20190901-WA0010.jpg\"\n               data-image-id=\"467\"\n               data-title=\"IMG-20190901-WA0010\"\n               data-description=\"\"\n               data-image-slug=\"img-20190901-wa0010\"\n               class=\"ngg-fancybox\" rel=\"e46eaa2e4f3a57d91b39d32903ce20ea\">\n                <img\n                    title=\"IMG-20190901-WA0010\"\n                    alt=\"IMG-20190901-WA0010\"\n                    src=\"https:\/\/art-badkrozingen.de\/wp-content\/gallery\/kunstfahrt-schwaebisch-hall\/thumbs\/thumbs_IMG-20190901-WA0010.jpg\"\n                    width=\"200\"\n                    height=\"155\"\n                    style=\"max-width:100%;\"\n                \/>\n            <\/a>\n        <\/div>\n\t\t\t\t\t\t\t<\/div> \n\t\t\t\n        \n\t\t\n\t\t<!-- Pagination -->\n\t<div class='ngg-clear'><\/div>\t<\/div>\n\n<p>Wieder einmal war der Kunstverein bei herrlichem Wetter in einem vollbesetzten Bus zu einer Kunstfahrt gestartet. Dieses Mal erlebten wir die Kunsthalle W\u00fcrth in Schw\u00e4bisch Hall, die vom Unternehmer, Kunstsammler und Kunstm\u00e4zen Prof. Dr. h.c. Reinhold W\u00fcrth gegr\u00fcndet wurde. Das 2001 er\u00f6ffnete dreigeschossige mit Muschelkalk verkleidete Geb\u00e4ude in der oberen Altstadt und mit einem wunderbaren Blick auf die gesamte Stadt von Schw\u00e4bisch Hall, faszinierte, da es uns wunderbare Fotomotive erm\u00f6glichte.<\/p>\n<p>Das Mus\u00e8e d\u2019Art moderne de la Ville de Paris ist noch bis zum 15. September 2019 mit 200 Leihgaben dort zu Gast. Es ist die umf\u00e4nglichste Pr\u00e4sentation der Pariser Sammlung au\u00dferhalb ihres Museums.<\/p>\n<p>Nach der sehr professionellen F\u00fchrung durch die Ausstellung hatten wir die M\u00f6glichkeit Schw\u00e4bisch Hall individuell zu erkunden. Wir bewunderten die autofreie Fu\u00dfg\u00e4ngerzone sowie die vielen Gesch\u00e4fte, Caf\u00e8s und Skulpturen, die im \u00f6ffentlichen Raum zu sehen sind.<\/p>\n<p>Auf der Heimfahrt machten wir noch einen Stop f\u00fcr unser Art- Vesper. Anstelle von unserem obligatorischen Prosecco aus der Dose, gab es erstmalig Sekt aus Sektgl\u00e4sern zu trinken \u2013 ART goes green!<\/p>\n<p>Wohlbehalten und gut gelaunt verabschiedeten wir uns in Bad Krozingen.<\/p>\n","protected":false},"excerpt":{"rendered":"<p>&#8221; order_by=&#8221;sortorder&#8221; order_direction=&#8221;ASC&#8221; returns=&#8221;included&#8221; maximum_entity_count=&#8221;500&#8243;] Wieder einmal war der Kunstverein bei herrlichem Wetter in einem vollbesetzten Bus zu einer Kunstfahrt gestartet. Dieses Mal erlebten wir die Kunsthalle W\u00fcrth in Schw\u00e4bisch Hall, die vom Unternehmer, Kunstsammler und Kunstm\u00e4zen Prof. Dr. h.c. Reinhold W\u00fcrth gegr\u00fcndet wurde. Das 2001 er\u00f6ffnete dreigeschossige mit Muschelkalk verkleidete Geb\u00e4ude in der oberen [&hellip;]<\/p>\n","protected":false},"author":1,"featured_media":0,"comment_status":"closed","ping_status":"open","sticky":false,"template":"","format":"standard","meta":{"ngg_post_thumbnail":0},"categories":[2],"tags":[37,36],"_links":{"self":[{"href":"https:\/\/art-badkrozingen.de\/index.php?rest_route=\/wp\/v2\/posts\/3122"}],"collection":[{"href":"https:\/\/art-badkrozingen.de\/index.php?rest_route=\/wp\/v2\/posts"}],"about":[{"href":"https:\/\/art-badkrozingen.de\/index.php?rest_route=\/wp\/v2\/types\/post"}],"author":[{"embeddable":true,"href":"https:\/\/art-badkrozingen.de\/index.php?rest_route=\/wp\/v2\/users\/1"}],"replies":[{"embeddable":true,"href":"https:\/\/art-badkrozingen.de\/index.php?rest_route=%2Fwp%2Fv2%2Fcomments&post=3122"}],"version-history":[{"count":4,"href":"https:\/\/art-badkrozingen.de\/index.php?rest_route=\/wp\/v2\/posts\/3122\/revisions"}],"predecessor-version":[{"id":3158,"href":"https:\/\/art-badkrozingen.de\/index.php?rest_route=\/wp\/v2\/posts\/3122\/revisions\/3158"}],"wp:attachment":[{"href":"https:\/\/art-badkrozingen.de\/index.php?rest_route=%2Fwp%2Fv2%2Fmedia&parent=3122"}],"wp:term":[{"taxonomy":"category","embeddable":true,"href":"https:\/\/art-badkrozingen.de\/index.php?rest_route=%2Fwp%2Fv2%2Fcategories&post=3122"},{"taxonomy":"post_tag","embeddable":true,"href":"https:\/\/art-badkrozingen.de\/index.php?rest_route=%2Fwp%2Fv2%2Ftags&post=3122"}],"curies":[{"name":"wp","href":"https:\/\/api.w.org\/{rel}","templated":true}]}}