{"id":586,"date":"2016-01-10T19:35:12","date_gmt":"2016-01-10T19:35:12","guid":{"rendered":"http:\/\/art-badkrozingen.de\/?p=586"},"modified":"2017-08-21T07:26:09","modified_gmt":"2017-08-21T07:26:09","slug":"kunstfahrt-zum-schaulager-basel","status":"publish","type":"post","link":"https:\/\/art-badkrozingen.de\/?p=586","title":{"rendered":"ART Kunstfahrt zum Schaulager Basel"},"content":{"rendered":"<p><strong>Kunstfahrt zum Schaulager Basel am 6. Januar 2016<\/strong><\/p>\n<p>Das Schaulager Basel war Ziel unserer ersten Kunstfahrt 2016; ein ganz besonderes Erlebnis, da zum ersten Mal nach drei\u00dfig Jahren die M\u00f6glichkeit bestand, die Ausstellung &#8220;FUTURE PRESENT &#8211; Zeitgen\u00f6ssische Kunst von der Klassischen Moderne bis heute&#8221;, die zur Sammlung der Emanuel Hoffmann-Stiftung geh\u00f6rt, zu besuchen. Ansonsten ist diese Ausstellung nur f\u00fcr Fachpublikum zug\u00e4nglich. Ziel der Stiftung ist es, &#8220;Zuversicht auf die Zukunft&#8221; zu vermitteln durch das Sammeln, Konservieren und Vermitteln zukunftsgerichteter Kunst. Nach einer interessanten F\u00fchrung durch die Ausstellung hatten wir noch die M\u00f6glichkeit, die teilweise riesengro\u00dfen Installationen und Kunstwerke (der Rattenk\u00f6nig von Katharina Fritsch z.B. hat eine H\u00f6he von ca. 2,80 m und eine Breite von 13 m). Nach diesem beeindruckenden Nachmittag lie\u00dfen wir den Abend bei Sekt und kulinarischen Schmankerln zusammen mit anderen Mitgliedern des Kunstvereins im Hotel Eden in Bad Krozingen ausklingen.<\/p>\n<div id=\"attachment_1134\" style=\"width: 510px\" class=\"wp-caption alignnone\"><img aria-describedby=\"caption-attachment-1134\" loading=\"lazy\" class=\"size-full wp-image-1134\" src=\"http:\/\/art-badkrozingen.de\/wp-content\/uploads\/2017\/08\/3626354691_05b504cc27_z.jpg\" alt=\"\" width=\"500\" height=\"375\" srcset=\"https:\/\/art-badkrozingen.de\/wp-content\/uploads\/2017\/08\/3626354691_05b504cc27_z.jpg 500w, https:\/\/art-badkrozingen.de\/wp-content\/uploads\/2017\/08\/3626354691_05b504cc27_z-300x225.jpg 300w\" sizes=\"(max-width: 500px) 100vw, 500px\" \/><p id=\"caption-attachment-1134\" class=\"wp-caption-text\">Rattenk\u00f6nig von Katharina Fritsch im Schaulager Basel; freiverwendbares Foto https:\/\/c2.staticflickr.com\/4\/3661\/3626354691_05b504cc27_z.jpg?zz=1<\/p><\/div>\n<p>&nbsp;<\/p>\n","protected":false},"excerpt":{"rendered":"<p>Kunstfahrt zum Schaulager Basel am 6. Januar 2016 Das Schaulager Basel war Ziel unserer ersten Kunstfahrt 2016; ein ganz besonderes Erlebnis, da zum ersten Mal nach drei\u00dfig Jahren die M\u00f6glichkeit bestand, die Ausstellung &#8220;FUTURE PRESENT &#8211; Zeitgen\u00f6ssische Kunst von der Klassischen Moderne bis heute&#8221;, die zur Sammlung der Emanuel Hoffmann-Stiftung geh\u00f6rt, zu besuchen. Ansonsten ist [&hellip;]<\/p>\n","protected":false},"author":1,"featured_media":0,"comment_status":"closed","ping_status":"open","sticky":false,"template":"","format":"standard","meta":{"ngg_post_thumbnail":0},"categories":[2],"tags":[],"_links":{"self":[{"href":"https:\/\/art-badkrozingen.de\/index.php?rest_route=\/wp\/v2\/posts\/586"}],"collection":[{"href":"https:\/\/art-badkrozingen.de\/index.php?rest_route=\/wp\/v2\/posts"}],"about":[{"href":"https:\/\/art-badkrozingen.de\/index.php?rest_route=\/wp\/v2\/types\/post"}],"author":[{"embeddable":true,"href":"https:\/\/art-badkrozingen.de\/index.php?rest_route=\/wp\/v2\/users\/1"}],"replies":[{"embeddable":true,"href":"https:\/\/art-badkrozingen.de\/index.php?rest_route=%2Fwp%2Fv2%2Fcomments&post=586"}],"version-history":[{"count":10,"href":"https:\/\/art-badkrozingen.de\/index.php?rest_route=\/wp\/v2\/posts\/586\/revisions"}],"predecessor-version":[{"id":1148,"href":"https:\/\/art-badkrozingen.de\/index.php?rest_route=\/wp\/v2\/posts\/586\/revisions\/1148"}],"wp:attachment":[{"href":"https:\/\/art-badkrozingen.de\/index.php?rest_route=%2Fwp%2Fv2%2Fmedia&parent=586"}],"wp:term":[{"taxonomy":"category","embeddable":true,"href":"https:\/\/art-badkrozingen.de\/index.php?rest_route=%2Fwp%2Fv2%2Fcategories&post=586"},{"taxonomy":"post_tag","embeddable":true,"href":"https:\/\/art-badkrozingen.de\/index.php?rest_route=%2Fwp%2Fv2%2Ftags&post=586"}],"curies":[{"name":"wp","href":"https:\/\/api.w.org\/{rel}","templated":true}]}}